{"id":7493,"date":"2012-04-28T01:03:45","date_gmt":"2012-04-27T23:03:45","guid":{"rendered":"http:\/\/georg-dahlhoff.de\/blog\/?p=7493"},"modified":"2017-05-02T22:55:08","modified_gmt":"2017-05-02T20:55:08","slug":"hallig-langeness-1","status":"publish","type":"post","link":"https:\/\/georg-dahlhoff.de\/wp\/?p=7493","title":{"rendered":"Hallig Langene\u00df (1)"},"content":{"rendered":"<p style=\"text-align: center;\"><strong><a href=\"https:\/\/i0.wp.com\/georg-dahlhoff.de\/blog\/wp-content\/uploads\/2012\/04\/201204216719.jpg\"><img data-recalc-dims=\"1\" loading=\"lazy\" decoding=\"async\" class=\" wp-image-7499 aligncenter\" title=\"201204216719 - Hallig Langene\u00df\" src=\"https:\/\/i0.wp.com\/georg-dahlhoff.de\/blog\/wp-content\/uploads\/2012\/04\/201204216719-680x369.jpg?resize=544%2C295\" alt=\"\" width=\"544\" height=\"295\" \/><\/a><\/strong><\/p>\n<p><strong>Hallig Langene\u00df<\/strong> &#8211; 10 Kilometer ist sie lang, die gr\u00f6\u00dfte Hallig in der Nordsee. Hier leben ca. 100 Menschen, die &#8222;Halligl\u00fc\u00fct&#8220;, auf 16 der 21 Warften. (<a title=\"Google Map: Langene\u00df\" href=\"http:\/\/g.co\/maps\/tppjn\" target=\"_blank\" rel=\"noopener noreferrer\">Landkarte<\/a>) <strong>Hallig, Warften?<\/strong> &#8211; Das muss ich erst einmal erkl\u00e4ren. Wenn man denkt eine Hallig sei eine kleine Insel, dann irrt man sich. Eine Hallig ist eben keine sichere Insel, die hoch genug ist, seine Bewohner vor Sturmfluten zu sch\u00fctzen, sie ist ein St\u00fcck Meeresboden der bei einer normalen Flut in etwa nur einen Meter aus dem Wasser ragt und mehrmals im Jahr \u00fcberflutet wird.<\/p>\n<p>Das klingt zun\u00e4chst einmal lebensfeindlich, aber die Leute hier wussten sich zu helfen und haben in m\u00fchsamer Arbeit H\u00fcgel aufgesch\u00fcttet, auf denen sie ihre H\u00e4user bauten. Die <strong>Warften<\/strong> wie man diese H\u00fcgel nennt sind heute um die 8 Meter hoch und sch\u00fctzen die Bewohner und ihre H\u00e4user vor Sturmfluten, w\u00e4hrend der Rest der Hallig dann mal f\u00fcr ein paar Stunden unter Wasser steht.<\/p>\n<figure id=\"attachment_7504\" aria-describedby=\"caption-attachment-7504\" style=\"width: 544px\" class=\"wp-caption aligncenter\"><a href=\"https:\/\/i0.wp.com\/georg-dahlhoff.de\/blog\/wp-content\/uploads\/2012\/04\/201204223527.jpg\"><img data-recalc-dims=\"1\" loading=\"lazy\" decoding=\"async\" class=\" wp-image-7504 \" title=\"201204223527 - Die Mayenswarf auf Langene\u00df\" src=\"https:\/\/i0.wp.com\/georg-dahlhoff.de\/blog\/wp-content\/uploads\/2012\/04\/201204223527-680x382.jpg?resize=544%2C306\" alt=\"\" width=\"544\" height=\"306\" \/><\/a><figcaption id=\"caption-attachment-7504\" class=\"wp-caption-text\">Die Mayenswarf auf Langene\u00df &#8211; Bild Nr. 201204223527<\/figcaption><\/figure>\n<p>Im Bild ist die <strong>Mayenswarf<\/strong> zu sehen und davor auf den <strong>Salzwiesen<\/strong> lassen es sich die Galloway-Rinder gut schmecken. Das Vier-Sterne-Hotel &#8222;Anker&#8217;s H\u00f6rn&#8220; auf der Mayenswarf war unser Domizil w\u00e4hrend der Tage auf der Hallig, ein schmuckes kleines Hotel gehobenen Standards mit einer ausgezeichneten K\u00fcche, in das wir bei einem m\u00f6glichen weiteren Kurzurlaub auf der Hallig gerne wieder einkehren werden.<\/p>\n<figure id=\"attachment_7508\" aria-describedby=\"caption-attachment-7508\" style=\"width: 544px\" class=\"wp-caption aligncenter\"><a href=\"https:\/\/i0.wp.com\/georg-dahlhoff.de\/blog\/wp-content\/uploads\/2012\/04\/201204194492.jpg\"><img data-recalc-dims=\"1\" loading=\"lazy\" decoding=\"async\" class=\" wp-image-7508 \" title=\"201204194492 - Zufahrt zur Mayenswarf\" src=\"https:\/\/i0.wp.com\/georg-dahlhoff.de\/blog\/wp-content\/uploads\/2012\/04\/201204194492-680x382.jpg?resize=544%2C306\" alt=\"\" width=\"544\" height=\"306\" \/><\/a><figcaption id=\"caption-attachment-7508\" class=\"wp-caption-text\">Zufahrt zur Mayenswarf &#8211; Bild Nr. 201204194492<\/figcaption><\/figure>\n<p>Fr\u00fcher gab es hier noch keine Stra\u00dfen, sondern die Priele bildeten die Wasserwege auf denen man per Boot unterwegs war. Heute gibt es hier zwei Kreisstra\u00dfen, und Anschlusswege zu den Warften, die auch mit dem Auto befahrbar sind. Die alten Priele und Kan\u00e4le sind nat\u00fcrlich auch noch da und verlaufen parallel zu den Stra\u00dfen, dienen aber nicht mehr als Verkehrswege. Richtig stimmungsvoll wird es auf der Hallig am Morgen und am Abend:<\/p>\n<figure id=\"attachment_7509\" aria-describedby=\"caption-attachment-7509\" style=\"width: 544px\" class=\"wp-caption aligncenter\"><a href=\"https:\/\/i0.wp.com\/georg-dahlhoff.de\/blog\/wp-content\/uploads\/2012\/04\/201204223479.jpg\"><img data-recalc-dims=\"1\" loading=\"lazy\" decoding=\"async\" class=\" wp-image-7509 \" title=\"201204223479 - Morgenstimmung auf Langene\u00df\" src=\"https:\/\/i0.wp.com\/georg-dahlhoff.de\/blog\/wp-content\/uploads\/2012\/04\/201204223479-680x382.jpg?resize=544%2C306\" alt=\"\" width=\"544\" height=\"306\" \/><\/a><figcaption id=\"caption-attachment-7509\" class=\"wp-caption-text\">Morgenstimmung auf Langene\u00df &#8211; Bild Nr. 201204223479<\/figcaption><\/figure>\n<figure id=\"attachment_7507\" aria-describedby=\"caption-attachment-7507\" style=\"width: 544px\" class=\"wp-caption aligncenter\"><a href=\"https:\/\/i0.wp.com\/georg-dahlhoff.de\/blog\/wp-content\/uploads\/2012\/04\/201204194500.jpg\"><img data-recalc-dims=\"1\" loading=\"lazy\" decoding=\"async\" class=\" wp-image-7507 \" title=\"201204194500 - Abendstimmung auf Langene\u00df\" src=\"https:\/\/i0.wp.com\/georg-dahlhoff.de\/blog\/wp-content\/uploads\/2012\/04\/201204194500-680x452.jpg?resize=544%2C362\" alt=\"\" width=\"544\" height=\"362\" \/><\/a><figcaption id=\"caption-attachment-7507\" class=\"wp-caption-text\">Abendstimmung auf Langene\u00df &#8211; Bild Nr. 201204194500<\/figcaption><\/figure>\n","protected":false},"excerpt":{"rendered":"<p>Hallig Langene\u00df &#8211; 10 Kilometer ist sie lang, die gr\u00f6\u00dfte Hallig in der Nordsee. Hier leben ca. 100 Menschen, die &#8222;Halligl\u00fc\u00fct&#8220;, auf 16 der 21 Warften. (Landkarte) Hallig, Warften? &#8211; [&hellip;]<\/p>\n","protected":false},"author":1,"featured_media":25746,"comment_status":"closed","ping_status":"open","sticky":false,"template":"","format":"standard","meta":{"jetpack_post_was_ever_published":false,"_jetpack_newsletter_access":"","_jetpack_dont_email_post_to_subs":false,"_jetpack_newsletter_tier_id":0,"_jetpack_memberships_contains_paywalled_content":false,"_jetpack_memberships_contains_paid_content":false,"footnotes":"","jetpack_publicize_message":"","jetpack_publicize_feature_enabled":true,"jetpack_social_post_already_shared":false,"jetpack_social_options":{"image_generator_settings":{"template":"highway","default_image_id":0,"font":"","enabled":false},"version":2}},"categories":[1030,422],"tags":[1000,1001,1031,590,54,55,1032,1033],"class_list":["post-7493","post","type-post","status-publish","format-standard","has-post-thumbnail","hentry","category-hallig-langeness","category-sh","tag-hallig","tag-langenes","tag-mayenswarf","tag-nordfriesland","tag-nordsee","tag-sh","tag-warf","tag-warften"],"jetpack_publicize_connections":[],"jetpack_featured_media_url":"https:\/\/i0.wp.com\/georg-dahlhoff.de\/wp\/wp-content\/uploads\/2012\/04\/201204223527.jpg?fit=1100%2C619&ssl=1","jetpack_shortlink":"https:\/\/wp.me\/p8MzOO-1WR","jetpack-related-posts":[],"jetpack_likes_enabled":true,"jetpack_sharing_enabled":true,"_links":{"self":[{"href":"https:\/\/georg-dahlhoff.de\/wp\/index.php?rest_route=\/wp\/v2\/posts\/7493","targetHints":{"allow":["GET"]}}],"collection":[{"href":"https:\/\/georg-dahlhoff.de\/wp\/index.php?rest_route=\/wp\/v2\/posts"}],"about":[{"href":"https:\/\/georg-dahlhoff.de\/wp\/index.php?rest_route=\/wp\/v2\/types\/post"}],"author":[{"embeddable":true,"href":"https:\/\/georg-dahlhoff.de\/wp\/index.php?rest_route=\/wp\/v2\/users\/1"}],"replies":[{"embeddable":true,"href":"https:\/\/georg-dahlhoff.de\/wp\/index.php?rest_route=%2Fwp%2Fv2%2Fcomments&post=7493"}],"version-history":[{"count":1,"href":"https:\/\/georg-dahlhoff.de\/wp\/index.php?rest_route=\/wp\/v2\/posts\/7493\/revisions"}],"predecessor-version":[{"id":25747,"href":"https:\/\/georg-dahlhoff.de\/wp\/index.php?rest_route=\/wp\/v2\/posts\/7493\/revisions\/25747"}],"wp:featuredmedia":[{"embeddable":true,"href":"https:\/\/georg-dahlhoff.de\/wp\/index.php?rest_route=\/wp\/v2\/media\/25746"}],"wp:attachment":[{"href":"https:\/\/georg-dahlhoff.de\/wp\/index.php?rest_route=%2Fwp%2Fv2%2Fmedia&parent=7493"}],"wp:term":[{"taxonomy":"category","embeddable":true,"href":"https:\/\/georg-dahlhoff.de\/wp\/index.php?rest_route=%2Fwp%2Fv2%2Fcategories&post=7493"},{"taxonomy":"post_tag","embeddable":true,"href":"https:\/\/georg-dahlhoff.de\/wp\/index.php?rest_route=%2Fwp%2Fv2%2Ftags&post=7493"}],"curies":[{"name":"wp","href":"https:\/\/api.w.org\/{rel}","templated":true}]}}