{"id":4560,"date":"2011-09-02T18:43:36","date_gmt":"2011-09-02T16:43:36","guid":{"rendered":"http:\/\/georg-dahlhoff.de\/blog\/?p=4560"},"modified":"2017-04-28T10:46:48","modified_gmt":"2017-04-28T08:46:48","slug":"das-vierjahreszeiten-projekt","status":"publish","type":"post","link":"https:\/\/georg-dahlhoff.de\/wp\/?p=4560","title":{"rendered":"Das Vier-Jahreszeiten-Projekt: Sommer"},"content":{"rendered":"<figure id=\"attachment_4561\" aria-describedby=\"caption-attachment-4561\" style=\"width: 544px\" class=\"wp-caption aligncenter\"><a href=\"https:\/\/i0.wp.com\/georg-dahlhoff.de\/blog\/wp-content\/uploads\/2011\/09\/201109022179.jpg\"><img data-recalc-dims=\"1\" loading=\"lazy\" decoding=\"async\" class=\" wp-image-4561 \" title=\"201109022179 - Kirschbaum im Sommer\" src=\"https:\/\/i0.wp.com\/georg-dahlhoff.de\/blog\/wp-content\/uploads\/2011\/09\/201109022179-680x453.jpg?resize=544%2C362\" alt=\"\" width=\"544\" height=\"362\" \/><\/a><figcaption id=\"caption-attachment-4561\" class=\"wp-caption-text\">Kirschbaum im Sommer &#8211; Bild Nr. 201109022179<\/figcaption><\/figure>\n<figure id=\"attachment_2826\" aria-describedby=\"caption-attachment-2826\" style=\"width: 300px\" class=\"wp-caption alignright\"><a href=\"https:\/\/i0.wp.com\/georg-dahlhoff.de\/blog\/wp-content\/uploads\/2011\/04\/201104091021-1.jpg\"><img data-recalc-dims=\"1\" loading=\"lazy\" decoding=\"async\" class=\"size-medium wp-image-2826 \" style=\"border: 0px initial initial;\" title=\"201104091021 - Bl\u00fchender Kirschbaum\" src=\"https:\/\/i0.wp.com\/georg-dahlhoff.de\/blog\/wp-content\/uploads\/2011\/04\/201104091021-1-300x200.jpg?resize=300%2C200\" alt=\"\" width=\"300\" height=\"200\" \/><\/a><figcaption id=\"caption-attachment-2826\" class=\"wp-caption-text\">Bl\u00fchender Kirschbaum in Rheinhessen &#8211; Bild Nr. 201104091021<\/figcaption><\/figure>\n<p>Im Fr\u00fchjahr hatte ich diesen Baum an der Landstra\u00dfe zwischen Stadecken-Elsheim und Schwabenheim bereits in voller Bl\u00fcte fotografiert (siehe rechts). Zwar sieht das Sommerbild nicht so spektakul\u00e4r aus wie das Fr\u00fchjahrsbild, aber es ist ein Baustein zu einer Vierjahreszeiten-Kollage, wenn ich es schaffe, auch noch im Herbst und Winter entsprechende Bilder zu schie\u00dfen. Wer mag, kann mir ja die Daumen dr\u00fccken, dass es klappt, dass ich im richtigen Moment Zeit und gutes Licht habe. \ud83d\ude09<\/p>\n<p style=\"text-align: center;\"><a href=\"https:\/\/i0.wp.com\/georg-dahlhoff.de\/blog\/wp-content\/uploads\/2011\/09\/vierjahreszeitenbaum.jpg\"><img data-recalc-dims=\"1\" loading=\"lazy\" decoding=\"async\" class=\" wp-image-4565 aligncenter\" title=\"vierjahreszeitenbaum\" src=\"https:\/\/i0.wp.com\/georg-dahlhoff.de\/blog\/wp-content\/uploads\/2011\/09\/vierjahreszeitenbaum.jpg?resize=528%2C368\" alt=\"\" width=\"528\" height=\"368\" \/><\/a><\/p>\n","protected":false},"excerpt":{"rendered":"<p>Im Fr\u00fchjahr hatte ich diesen Baum an der Landstra\u00dfe zwischen Stadecken-Elsheim und Schwabenheim bereits in voller Bl\u00fcte fotografiert (siehe rechts). Zwar sieht das Sommerbild nicht so spektakul\u00e4r aus wie das [&hellip;]<\/p>\n","protected":false},"author":1,"featured_media":25523,"comment_status":"closed","ping_status":"closed","sticky":false,"template":"","format":"standard","meta":{"jetpack_post_was_ever_published":false,"_jetpack_newsletter_access":"","_jetpack_dont_email_post_to_subs":false,"_jetpack_newsletter_tier_id":0,"_jetpack_memberships_contains_paywalled_content":false,"_jetpack_memberships_contains_paid_content":false,"footnotes":"","jetpack_publicize_message":"","jetpack_publicize_feature_enabled":true,"jetpack_social_post_already_shared":false,"jetpack_social_options":{"image_generator_settings":{"template":"highway","default_image_id":0,"font":"","enabled":false},"version":2}},"categories":[277,6,278],"tags":[275,402,487],"class_list":["post-4560","post","type-post","status-publish","format-standard","has-post-thumbnail","hentry","category-landwirtschaft","category-rhh","category-vier-jahreszeiten-projekt","tag-kirschbaum","tag-sommer","tag-vierjahreszeitenprojekt"],"jetpack_publicize_connections":[],"jetpack_featured_media_url":"https:\/\/i0.wp.com\/georg-dahlhoff.de\/wp\/wp-content\/uploads\/2011\/09\/201109022179.jpg?fit=900%2C600&ssl=1","jetpack_shortlink":"https:\/\/wp.me\/p8MzOO-1by","jetpack-related-posts":[],"jetpack_likes_enabled":true,"jetpack_sharing_enabled":true,"_links":{"self":[{"href":"https:\/\/georg-dahlhoff.de\/wp\/index.php?rest_route=\/wp\/v2\/posts\/4560","targetHints":{"allow":["GET"]}}],"collection":[{"href":"https:\/\/georg-dahlhoff.de\/wp\/index.php?rest_route=\/wp\/v2\/posts"}],"about":[{"href":"https:\/\/georg-dahlhoff.de\/wp\/index.php?rest_route=\/wp\/v2\/types\/post"}],"author":[{"embeddable":true,"href":"https:\/\/georg-dahlhoff.de\/wp\/index.php?rest_route=\/wp\/v2\/users\/1"}],"replies":[{"embeddable":true,"href":"https:\/\/georg-dahlhoff.de\/wp\/index.php?rest_route=%2Fwp%2Fv2%2Fcomments&post=4560"}],"version-history":[{"count":1,"href":"https:\/\/georg-dahlhoff.de\/wp\/index.php?rest_route=\/wp\/v2\/posts\/4560\/revisions"}],"predecessor-version":[{"id":25524,"href":"https:\/\/georg-dahlhoff.de\/wp\/index.php?rest_route=\/wp\/v2\/posts\/4560\/revisions\/25524"}],"wp:featuredmedia":[{"embeddable":true,"href":"https:\/\/georg-dahlhoff.de\/wp\/index.php?rest_route=\/wp\/v2\/media\/25523"}],"wp:attachment":[{"href":"https:\/\/georg-dahlhoff.de\/wp\/index.php?rest_route=%2Fwp%2Fv2%2Fmedia&parent=4560"}],"wp:term":[{"taxonomy":"category","embeddable":true,"href":"https:\/\/georg-dahlhoff.de\/wp\/index.php?rest_route=%2Fwp%2Fv2%2Fcategories&post=4560"},{"taxonomy":"post_tag","embeddable":true,"href":"https:\/\/georg-dahlhoff.de\/wp\/index.php?rest_route=%2Fwp%2Fv2%2Ftags&post=4560"}],"curies":[{"name":"wp","href":"https:\/\/api.w.org\/{rel}","templated":true}]}}