{"id":2875,"date":"2011-04-22T14:59:43","date_gmt":"2011-04-22T12:59:43","guid":{"rendered":"http:\/\/georg-dahlhoff.de\/blog\/?p=2875"},"modified":"2011-04-22T14:59:43","modified_gmt":"2011-04-22T12:59:43","slug":"wenn-der-wein-zu-wachsen-beginnt","status":"publish","type":"post","link":"https:\/\/georg-dahlhoff.de\/wp\/?p=2875","title":{"rendered":"Wenn der Wein zu wachsen beginnt&#8230;"},"content":{"rendered":"<figure id=\"attachment_2876\" aria-describedby=\"caption-attachment-2876\" style=\"width: 300px\" class=\"wp-caption alignleft\"><a href=\"https:\/\/i0.wp.com\/georg-dahlhoff.de\/blog\/wp-content\/uploads\/2011\/04\/201104225113-1.jpg\"><img data-recalc-dims=\"1\" loading=\"lazy\" decoding=\"async\" class=\"size-medium wp-image-2876\" title=\"201104225113 - Wingert bei Mommenheim\" src=\"https:\/\/i0.wp.com\/georg-dahlhoff.de\/blog\/wp-content\/uploads\/2011\/04\/201104225113-1-300x200.jpg?resize=300%2C200\" alt=\"\" width=\"300\" height=\"200\" \/><\/a><figcaption id=\"caption-attachment-2876\" class=\"wp-caption-text\">Wingert (Weinberg) bei Mommenheim\/Rheinhessen &#8211; Bild Nr. 201104225113<\/figcaption><\/figure>\n<p>Erst wenn die meisten B\u00e4ume im Fr\u00fchjahr bereits gr\u00fcn sind und betr\u00e4chtliche Teile der Obstbl\u00fcte vor\u00fcber sind, beginnt in Rheinhessen der Wein mit seinem Wachstum. Sch\u00f6n in Reih&#8216; und Glied stehen die Reben, denn nur so l\u00e4sst sich ein Weinberg rationell bewirtschaften. Im Winter wurden die Reben in Handarbeit beschnitten und nur noch ein oder zwei Triebe bleiben die an den verspannten Dr\u00e4hten befestigt werden. Aus diesenTrieben entsteht im Laufe des Sommers wieder ein Weinpflanze, die im allgemeinen reichlichen Ertrag bringen wird.<\/p>\n<p>Jetzt, Ende April bis Anfang Mai, sind die ersten Bl\u00e4ttchen zu sehen, zun\u00e4chst einmal begleitet von L\u00f6wenzahn, der reichlich zwischen den Reben w\u00e4chst. Bevor also die Reben in vollem Laub stehen und sich nach der Bl\u00fcte langsam die Trauben entwickeln, bietet der L\u00f6wenzahn einen farbenfrohen Anblick.<\/p>\n<figure id=\"attachment_2880\" aria-describedby=\"caption-attachment-2880\" style=\"width: 300px\" class=\"wp-caption alignright\"><a href=\"https:\/\/i0.wp.com\/georg-dahlhoff.de\/blog\/wp-content\/uploads\/2011\/04\/201104225114-1.jpg\"><img data-recalc-dims=\"1\" loading=\"lazy\" decoding=\"async\" class=\"size-medium wp-image-2880\" title=\"201104225114 - Wingert bei Mommenhein\/Rheinhessen\" src=\"https:\/\/i0.wp.com\/georg-dahlhoff.de\/blog\/wp-content\/uploads\/2011\/04\/201104225114-1-300x200.jpg?resize=300%2C200\" alt=\"\" width=\"300\" height=\"200\" \/><\/a><figcaption id=\"caption-attachment-2880\" class=\"wp-caption-text\">Wingert (Weinberg) bei Mommenheim\/Rheinhessen &#8211; Bild Nr. 201104225114<\/figcaption><\/figure>\n<p>Das Wachstum der ersten Bl\u00e4tter ist nur ein kleiner Anfang eines Weges an dem am Ende die Weinlese steht. Nun beginnt das Hoffen auf viel Sonne, ausreichend Regen und ein ausgewogenes Wetter, damit wieder ein guter Jahrgang heranw\u00e4chst.<\/p>\n<p>&#8212;<\/p>\n<p><em>Weitere Bilder der Fotostrecke als <a href=\"http:\/\/georg-dahlhoff.de\/galerie\/20110422_Mommenheim\/index.html\" target=\"_blank\">Galerie<\/a><br \/>\nAufnahmekamera: Nikon D80<\/em><\/p>\n","protected":false},"excerpt":{"rendered":"<p>Erst wenn die meisten B\u00e4ume im Fr\u00fchjahr bereits gr\u00fcn sind und betr\u00e4chtliche Teile der Obstbl\u00fcte vor\u00fcber sind, beginnt in Rheinhessen der Wein mit seinem Wachstum. Sch\u00f6n in Reih&#8216; und Glied [&hellip;]<\/p>\n","protected":false},"author":1,"featured_media":10869,"comment_status":"closed","ping_status":"closed","sticky":false,"template":"","format":"standard","meta":{"jetpack_post_was_ever_published":false,"_jetpack_newsletter_access":"","_jetpack_dont_email_post_to_subs":false,"_jetpack_newsletter_tier_id":0,"_jetpack_memberships_contains_paywalled_content":false,"_jetpack_memberships_contains_paid_content":false,"footnotes":"","jetpack_publicize_message":"","jetpack_publicize_feature_enabled":true,"jetpack_social_post_already_shared":false,"jetpack_social_options":{"image_generator_settings":{"template":"highway","default_image_id":0,"font":"","enabled":false},"version":2}},"categories":[277,6],"tags":[227,280,7,84,281,282],"class_list":["post-2875","post","type-post","status-publish","format-standard","has-post-thumbnail","hentry","category-landwirtschaft","category-rhh","tag-fruhling","tag-lowenzahn","tag-rhh","tag-wein","tag-weinrebe","tag-wingert"],"jetpack_publicize_connections":[],"jetpack_featured_media_url":"","jetpack_shortlink":"https:\/\/wp.me\/p8MzOO-Kn","jetpack-related-posts":[],"jetpack_likes_enabled":true,"jetpack_sharing_enabled":true,"_links":{"self":[{"href":"https:\/\/georg-dahlhoff.de\/wp\/index.php?rest_route=\/wp\/v2\/posts\/2875","targetHints":{"allow":["GET"]}}],"collection":[{"href":"https:\/\/georg-dahlhoff.de\/wp\/index.php?rest_route=\/wp\/v2\/posts"}],"about":[{"href":"https:\/\/georg-dahlhoff.de\/wp\/index.php?rest_route=\/wp\/v2\/types\/post"}],"author":[{"embeddable":true,"href":"https:\/\/georg-dahlhoff.de\/wp\/index.php?rest_route=\/wp\/v2\/users\/1"}],"replies":[{"embeddable":true,"href":"https:\/\/georg-dahlhoff.de\/wp\/index.php?rest_route=%2Fwp%2Fv2%2Fcomments&post=2875"}],"version-history":[{"count":0,"href":"https:\/\/georg-dahlhoff.de\/wp\/index.php?rest_route=\/wp\/v2\/posts\/2875\/revisions"}],"wp:featuredmedia":[{"embeddable":true,"href":"https:\/\/georg-dahlhoff.de\/wp\/index.php?rest_route=\/"}],"wp:attachment":[{"href":"https:\/\/georg-dahlhoff.de\/wp\/index.php?rest_route=%2Fwp%2Fv2%2Fmedia&parent=2875"}],"wp:term":[{"taxonomy":"category","embeddable":true,"href":"https:\/\/georg-dahlhoff.de\/wp\/index.php?rest_route=%2Fwp%2Fv2%2Fcategories&post=2875"},{"taxonomy":"post_tag","embeddable":true,"href":"https:\/\/georg-dahlhoff.de\/wp\/index.php?rest_route=%2Fwp%2Fv2%2Ftags&post=2875"}],"curies":[{"name":"wp","href":"https:\/\/api.w.org\/{rel}","templated":true}]}}