{"id":28583,"date":"2021-08-24T15:29:16","date_gmt":"2021-08-24T13:29:16","guid":{"rendered":"https:\/\/georg-dahlhoff.de\/wp\/?p=28583"},"modified":"2021-08-24T15:29:16","modified_gmt":"2021-08-24T13:29:16","slug":"koenigin-victoria-berg","status":"publish","type":"post","link":"https:\/\/georg-dahlhoff.de\/wp\/?p=28583","title":{"rendered":"K\u00f6nigin-Victoria-Berg"},"content":{"rendered":"<figure id=\"attachment_28584\" aria-describedby=\"caption-attachment-28584\" style=\"width: 400px\" class=\"wp-caption aligncenter\"><a href=\"https:\/\/i0.wp.com\/georg-dahlhoff.de\/wp\/wp-content\/uploads\/2021\/08\/202108242210-scaled.jpg?ssl=1\"><img data-recalc-dims=\"1\" loading=\"lazy\" decoding=\"async\" data-attachment-id=\"28584\" data-permalink=\"https:\/\/georg-dahlhoff.de\/wp\/?attachment_id=28584\" data-orig-file=\"https:\/\/i0.wp.com\/georg-dahlhoff.de\/wp\/wp-content\/uploads\/2021\/08\/202108242210-scaled.jpg?fit=1707%2C2560&amp;ssl=1\" data-orig-size=\"1707,2560\" data-comments-opened=\"1\" data-image-meta=\"{&quot;aperture&quot;:&quot;7.1&quot;,&quot;credit&quot;:&quot;GEORG DAHLHOFF&quot;,&quot;camera&quot;:&quot;X-T30&quot;,&quot;caption&quot;:&quot;&quot;,&quot;created_timestamp&quot;:&quot;1629800288&quot;,&quot;copyright&quot;:&quot;&quot;,&quot;focal_length&quot;:&quot;34.3&quot;,&quot;iso&quot;:&quot;640&quot;,&quot;shutter_speed&quot;:&quot;0.0008&quot;,&quot;title&quot;:&quot;&quot;,&quot;orientation&quot;:&quot;1&quot;}\" data-image-title=\"202108242210\" data-image-description=\"&lt;p&gt;K\u00f6nigin-Victoria-Denkmal bei Hochheim am Main&lt;\/p&gt;\n\" data-image-caption=\"&lt;p&gt;K\u00f6nigin-Victoria-Denkmal &amp;#8211; Bild Nr. 202108242210&lt;\/p&gt;\n\" data-large-file=\"https:\/\/i0.wp.com\/georg-dahlhoff.de\/wp\/wp-content\/uploads\/2021\/08\/202108242210-scaled.jpg?fit=400%2C600&amp;ssl=1\" class=\"size-large wp-image-28584\" src=\"https:\/\/i0.wp.com\/georg-dahlhoff.de\/wp\/wp-content\/uploads\/2021\/08\/202108242210.jpg?resize=400%2C600&#038;ssl=1\" alt=\"K\u00f6nigin-Victoria-Denkmal\" width=\"400\" height=\"600\" srcset=\"https:\/\/i0.wp.com\/georg-dahlhoff.de\/wp\/wp-content\/uploads\/2021\/08\/202108242210-scaled.jpg?resize=400%2C600&amp;ssl=1 400w, https:\/\/i0.wp.com\/georg-dahlhoff.de\/wp\/wp-content\/uploads\/2021\/08\/202108242210-scaled.jpg?resize=200%2C300&amp;ssl=1 200w, https:\/\/i0.wp.com\/georg-dahlhoff.de\/wp\/wp-content\/uploads\/2021\/08\/202108242210-scaled.jpg?resize=768%2C1152&amp;ssl=1 768w, https:\/\/i0.wp.com\/georg-dahlhoff.de\/wp\/wp-content\/uploads\/2021\/08\/202108242210-scaled.jpg?resize=1024%2C1536&amp;ssl=1 1024w, https:\/\/i0.wp.com\/georg-dahlhoff.de\/wp\/wp-content\/uploads\/2021\/08\/202108242210-scaled.jpg?resize=1365%2C2048&amp;ssl=1 1365w, https:\/\/i0.wp.com\/georg-dahlhoff.de\/wp\/wp-content\/uploads\/2021\/08\/202108242210-scaled.jpg?w=1707&amp;ssl=1 1707w, https:\/\/i0.wp.com\/georg-dahlhoff.de\/wp\/wp-content\/uploads\/2021\/08\/202108242210-scaled.jpg?w=1620&amp;ssl=1 1620w\" sizes=\"auto, (max-width: 400px) 100vw, 400px\" \/><\/a><figcaption id=\"caption-attachment-28584\" class=\"wp-caption-text\">K\u00f6nigin-Victoria-Denkmal &#8211; Bild Nr. 202108242210<\/figcaption><\/figure>\n<p style=\"text-align: justify;\"><strong>Hochheim am Main<\/strong> &#8211; Heute wird es ausgesprochen royal. Es geht zum K\u00f6nigin Victoria-Denkmal, welches sich in den Rebfl\u00e4chen von Hochheim neben der Bahnlinie von Wiesbaden nach Frankfurt am Main befindet. Das Denkmal von 1854 ist 9 Meter hoch und wurde erst k\u00fcrzlich restauriert. Letzte Arbeiten am Sockel finden derzeit noch statt. Vom Hochheimer Bahnhof aus sind es knapp 2 Kilometer bis zu diesem pr\u00e4chtigen Monument.<\/p>\n<figure id=\"attachment_28587\" aria-describedby=\"caption-attachment-28587\" style=\"width: 400px\" class=\"wp-caption aligncenter\"><a href=\"https:\/\/i0.wp.com\/georg-dahlhoff.de\/wp\/wp-content\/uploads\/2021\/08\/202108242213-scaled.jpg?ssl=1\"><img data-recalc-dims=\"1\" loading=\"lazy\" decoding=\"async\" data-attachment-id=\"28587\" data-permalink=\"https:\/\/georg-dahlhoff.de\/wp\/?attachment_id=28587\" data-orig-file=\"https:\/\/i0.wp.com\/georg-dahlhoff.de\/wp\/wp-content\/uploads\/2021\/08\/202108242213-scaled.jpg?fit=1707%2C2560&amp;ssl=1\" data-orig-size=\"1707,2560\" data-comments-opened=\"1\" data-image-meta=\"{&quot;aperture&quot;:&quot;5.6&quot;,&quot;credit&quot;:&quot;GEORG DAHLHOFF&quot;,&quot;camera&quot;:&quot;X-T30&quot;,&quot;caption&quot;:&quot;&quot;,&quot;created_timestamp&quot;:&quot;1629800387&quot;,&quot;copyright&quot;:&quot;&quot;,&quot;focal_length&quot;:&quot;44.4&quot;,&quot;iso&quot;:&quot;640&quot;,&quot;shutter_speed&quot;:&quot;0.0008&quot;,&quot;title&quot;:&quot;&quot;,&quot;orientation&quot;:&quot;1&quot;}\" data-image-title=\"202108242213\" data-image-description=\"\" data-image-caption=\"&lt;p&gt;K\u00f6nigin-Victoria-Denkmal, Ansicht von hinten &amp;#8211; Bild Nr. 202108242213&lt;\/p&gt;\n\" data-large-file=\"https:\/\/i0.wp.com\/georg-dahlhoff.de\/wp\/wp-content\/uploads\/2021\/08\/202108242213-scaled.jpg?fit=400%2C600&amp;ssl=1\" class=\"size-large wp-image-28587\" src=\"https:\/\/i0.wp.com\/georg-dahlhoff.de\/wp\/wp-content\/uploads\/2021\/08\/202108242213.jpg?resize=400%2C600&#038;ssl=1\" alt=\"\" width=\"400\" height=\"600\" srcset=\"https:\/\/i0.wp.com\/georg-dahlhoff.de\/wp\/wp-content\/uploads\/2021\/08\/202108242213-scaled.jpg?resize=400%2C600&amp;ssl=1 400w, https:\/\/i0.wp.com\/georg-dahlhoff.de\/wp\/wp-content\/uploads\/2021\/08\/202108242213-scaled.jpg?resize=200%2C300&amp;ssl=1 200w, https:\/\/i0.wp.com\/georg-dahlhoff.de\/wp\/wp-content\/uploads\/2021\/08\/202108242213-scaled.jpg?resize=768%2C1152&amp;ssl=1 768w, https:\/\/i0.wp.com\/georg-dahlhoff.de\/wp\/wp-content\/uploads\/2021\/08\/202108242213-scaled.jpg?resize=1024%2C1536&amp;ssl=1 1024w, https:\/\/i0.wp.com\/georg-dahlhoff.de\/wp\/wp-content\/uploads\/2021\/08\/202108242213-scaled.jpg?resize=1365%2C2048&amp;ssl=1 1365w, https:\/\/i0.wp.com\/georg-dahlhoff.de\/wp\/wp-content\/uploads\/2021\/08\/202108242213-scaled.jpg?w=1707&amp;ssl=1 1707w, https:\/\/i0.wp.com\/georg-dahlhoff.de\/wp\/wp-content\/uploads\/2021\/08\/202108242213-scaled.jpg?w=1620&amp;ssl=1 1620w\" sizes=\"auto, (max-width: 400px) 100vw, 400px\" \/><\/a><figcaption id=\"caption-attachment-28587\" class=\"wp-caption-text\">K\u00f6nigin-Victoria-Denkmal, Ansicht von hinten &#8211; Bild Nr. 202108242213<\/figcaption><\/figure>\n<p style=\"text-align: justify;\">Die R\u00fcckseite: So pr\u00e4sentiert sich das Denkmal vom Weg aus. Hier wird die Verbindung des k\u00f6niglichen Hofes mit dem Weinbau im Hochheim symbolisiert.<\/p>\n<figure id=\"attachment_28585\" aria-describedby=\"caption-attachment-28585\" style=\"width: 400px\" class=\"wp-caption aligncenter\"><a href=\"https:\/\/i0.wp.com\/georg-dahlhoff.de\/wp\/wp-content\/uploads\/2021\/08\/202108242211-scaled.jpg?ssl=1\"><img data-recalc-dims=\"1\" loading=\"lazy\" decoding=\"async\" data-attachment-id=\"28585\" data-permalink=\"https:\/\/georg-dahlhoff.de\/wp\/?attachment_id=28585\" data-orig-file=\"https:\/\/i0.wp.com\/georg-dahlhoff.de\/wp\/wp-content\/uploads\/2021\/08\/202108242211-scaled.jpg?fit=1707%2C2560&amp;ssl=1\" data-orig-size=\"1707,2560\" data-comments-opened=\"1\" data-image-meta=\"{&quot;aperture&quot;:&quot;6.4&quot;,&quot;credit&quot;:&quot;GEORG DAHLHOFF&quot;,&quot;camera&quot;:&quot;X-T30&quot;,&quot;caption&quot;:&quot;&quot;,&quot;created_timestamp&quot;:&quot;1629800314&quot;,&quot;copyright&quot;:&quot;&quot;,&quot;focal_length&quot;:&quot;37.4&quot;,&quot;iso&quot;:&quot;640&quot;,&quot;shutter_speed&quot;:&quot;0.0008&quot;,&quot;title&quot;:&quot;&quot;,&quot;orientation&quot;:&quot;0&quot;}\" data-image-title=\"202108242211\" data-image-description=\"\" data-image-caption=\"&lt;p&gt;Vorderseite des K\u00f6nigin-Victoria-Denkmals &amp;#8211; Bild Nr.  202108242211&lt;\/p&gt;\n\" data-large-file=\"https:\/\/i0.wp.com\/georg-dahlhoff.de\/wp\/wp-content\/uploads\/2021\/08\/202108242211-scaled.jpg?fit=400%2C600&amp;ssl=1\" class=\"size-large wp-image-28585\" src=\"https:\/\/i0.wp.com\/georg-dahlhoff.de\/wp\/wp-content\/uploads\/2021\/08\/202108242211.jpg?resize=400%2C600&#038;ssl=1\" alt=\"\" width=\"400\" height=\"600\" srcset=\"https:\/\/i0.wp.com\/georg-dahlhoff.de\/wp\/wp-content\/uploads\/2021\/08\/202108242211-scaled.jpg?resize=400%2C600&amp;ssl=1 400w, https:\/\/i0.wp.com\/georg-dahlhoff.de\/wp\/wp-content\/uploads\/2021\/08\/202108242211-scaled.jpg?resize=200%2C300&amp;ssl=1 200w, https:\/\/i0.wp.com\/georg-dahlhoff.de\/wp\/wp-content\/uploads\/2021\/08\/202108242211-scaled.jpg?resize=768%2C1152&amp;ssl=1 768w, https:\/\/i0.wp.com\/georg-dahlhoff.de\/wp\/wp-content\/uploads\/2021\/08\/202108242211-scaled.jpg?resize=1024%2C1536&amp;ssl=1 1024w, https:\/\/i0.wp.com\/georg-dahlhoff.de\/wp\/wp-content\/uploads\/2021\/08\/202108242211-scaled.jpg?resize=1365%2C2048&amp;ssl=1 1365w, https:\/\/i0.wp.com\/georg-dahlhoff.de\/wp\/wp-content\/uploads\/2021\/08\/202108242211-scaled.jpg?w=1707&amp;ssl=1 1707w, https:\/\/i0.wp.com\/georg-dahlhoff.de\/wp\/wp-content\/uploads\/2021\/08\/202108242211-scaled.jpg?w=1620&amp;ssl=1 1620w\" sizes=\"auto, (max-width: 400px) 100vw, 400px\" \/><\/a><figcaption id=\"caption-attachment-28585\" class=\"wp-caption-text\">Vorderseite des K\u00f6nigin-Victoria-Denkmals &#8211; Bild Nr. 202108242211<\/figcaption><\/figure>\n<p style=\"text-align: center;\">Eine Gedenktafel des Historischen Vereins Hochheim e.V. erl\u00e4utert die Geschichte des Denkmals:<\/p>\n<h3 style=\"text-align: center;\"><em>K\u00f6nigin-Victoriaberg<\/em><\/h3>\n<p style=\"text-align: center;\"><em>Ein einizgartiger Name f\u00fcr einen einzigartigen Weinberg.<\/em><\/p>\n<p style=\"text-align: center;\"><em>Dieser ber\u00fchmte Weinberg verdankt seinen Namen der K\u00f6nigin Victoria von Gro\u00dfbritannien und Kaiserin von Indien (1819-1901)<\/em><\/p>\n<p style=\"text-align: center;\"><em>Am 15. August 1845 besuchte die damals noch junge K\u00f6nigin Hochheim am Main, um am Weinberg &#8222;Dechantenruhe&#8220; etwas \u00fcber Wein und dessen Anbauweise zu erfahren, war doch Hochheimer Wein seit l\u00e4ngerem in England bekannt und als &#8222;Hock&#8220; gerne verkostet.<\/em><\/p>\n<p style=\"text-align: center;\"><em>Gemeinsam mit ihrem Mann, dem deutschen Albert von Sachsen-Coburg-Gotha (1819-1861), probierte die K\u00f6nigin Hochheimer Wein und kostete auch die jungen Beeren. Damals reifte die Idee bei dem Weingutbesitzer Georg Michael Papstmann, seinen Weinberg nach dem k\u00f6niglichen Besuch umzubenennen.<\/em><\/p>\n<p style=\"text-align: center;\"><em>Am 05. Dezember 1850 lie\u00df sich Georg Michael Papstmann den Weinbergsnamen durch ihre k\u00f6nigliche Majest\u00e4t urkundlich bewilligen. Als erster und einziger Weinberg durfte die Hochheimer Lage nun den Namen &#8222;K\u00f6nigin Victoriaberg&#8220; tragen.<\/em><\/p>\n<p style=\"text-align: center;\"><em>Als Erinnerung an den hohen Besuch und die au\u00dfergew\u00f6hnliche Ehrung erbaute Georg Michael Papstmann dieses Denkmal im Tudorstil, das am 24. Mai 1854 &#8211; dem 35. Geburtstag von K\u00f6nigin Victoria &#8211; eingeweiht w\u00fcrde. Auch heute noch hei\u00dft der Tropfen, der vom Weingut Hupfeld zum Spitzenwein ausgebaut wird, &#8222;Hochheimer K\u00f6nigin Victoriaberg&#8220;.<\/em><\/p>\n<figure id=\"attachment_28586\" aria-describedby=\"caption-attachment-28586\" style=\"width: 400px\" class=\"wp-caption aligncenter\"><a href=\"https:\/\/i0.wp.com\/georg-dahlhoff.de\/wp\/wp-content\/uploads\/2021\/08\/202108242212-scaled.jpg?ssl=1\"><img data-recalc-dims=\"1\" loading=\"lazy\" decoding=\"async\" data-attachment-id=\"28586\" data-permalink=\"https:\/\/georg-dahlhoff.de\/wp\/?attachment_id=28586\" data-orig-file=\"https:\/\/i0.wp.com\/georg-dahlhoff.de\/wp\/wp-content\/uploads\/2021\/08\/202108242212-scaled.jpg?fit=1706%2C2560&amp;ssl=1\" data-orig-size=\"1706,2560\" data-comments-opened=\"1\" data-image-meta=\"{&quot;aperture&quot;:&quot;6.4&quot;,&quot;credit&quot;:&quot;GEORG DAHLHOFF&quot;,&quot;camera&quot;:&quot;X-T30&quot;,&quot;caption&quot;:&quot;&quot;,&quot;created_timestamp&quot;:&quot;1629800321&quot;,&quot;copyright&quot;:&quot;&quot;,&quot;focal_length&quot;:&quot;55&quot;,&quot;iso&quot;:&quot;640&quot;,&quot;shutter_speed&quot;:&quot;0.0008&quot;,&quot;title&quot;:&quot;&quot;,&quot;orientation&quot;:&quot;0&quot;}\" data-image-title=\"202108242212\" data-image-description=\"\" data-image-caption=\"&lt;p&gt;K\u00f6nigin Victoria-Denkmal &amp;#8211; Bild Nr. 202108242212&lt;\/p&gt;\n\" data-large-file=\"https:\/\/i0.wp.com\/georg-dahlhoff.de\/wp\/wp-content\/uploads\/2021\/08\/202108242212-scaled.jpg?fit=400%2C600&amp;ssl=1\" class=\"size-large wp-image-28586\" src=\"https:\/\/i0.wp.com\/georg-dahlhoff.de\/wp\/wp-content\/uploads\/2021\/08\/202108242212.jpg?resize=400%2C600&#038;ssl=1\" alt=\"\" width=\"400\" height=\"600\" srcset=\"https:\/\/i0.wp.com\/georg-dahlhoff.de\/wp\/wp-content\/uploads\/2021\/08\/202108242212-scaled.jpg?resize=400%2C600&amp;ssl=1 400w, https:\/\/i0.wp.com\/georg-dahlhoff.de\/wp\/wp-content\/uploads\/2021\/08\/202108242212-scaled.jpg?resize=200%2C300&amp;ssl=1 200w, https:\/\/i0.wp.com\/georg-dahlhoff.de\/wp\/wp-content\/uploads\/2021\/08\/202108242212-scaled.jpg?resize=768%2C1152&amp;ssl=1 768w, https:\/\/i0.wp.com\/georg-dahlhoff.de\/wp\/wp-content\/uploads\/2021\/08\/202108242212-scaled.jpg?resize=1024%2C1536&amp;ssl=1 1024w, https:\/\/i0.wp.com\/georg-dahlhoff.de\/wp\/wp-content\/uploads\/2021\/08\/202108242212-scaled.jpg?resize=1365%2C2048&amp;ssl=1 1365w, https:\/\/i0.wp.com\/georg-dahlhoff.de\/wp\/wp-content\/uploads\/2021\/08\/202108242212-scaled.jpg?w=1706&amp;ssl=1 1706w, https:\/\/i0.wp.com\/georg-dahlhoff.de\/wp\/wp-content\/uploads\/2021\/08\/202108242212-scaled.jpg?w=1620&amp;ssl=1 1620w\" sizes=\"auto, (max-width: 400px) 100vw, 400px\" \/><\/a><figcaption id=\"caption-attachment-28586\" class=\"wp-caption-text\">K\u00f6nigin Victoria-Denkmal &#8211; Bild Nr. 202108242212<\/figcaption><\/figure>\n<p style=\"text-align: center;\">Die Inschrift auf der Vorderseite lautet:<\/p>\n<p style=\"text-align: center;\"><em>Ihre Majest\u00e4t Victoria, K\u00f6nigin von Gro\u00dfbritannien und Irland hatte die Gnade diesem Weinberge ihren hohen Namen zu verleihen. Der erhabenen Monarchin zu Ehren und als dankbare Erinnerung an eine so huldvolle Auszeichnung wurde dieser Denkstein errichtet von G.M.Papstmann.<br \/>\nHochheim am 24. Mai 1854<\/em><\/p>\n","protected":false},"excerpt":{"rendered":"<p>Hochheim am Main &#8211; Heute wird es ausgesprochen royal. Es geht zum K\u00f6nigin Victoria-Denkmal, welches sich in den Rebfl\u00e4chen von Hochheim neben der Bahnlinie von Wiesbaden nach Frankfurt am Main [&hellip;]<\/p>\n","protected":false},"author":1,"featured_media":28588,"comment_status":"open","ping_status":"open","sticky":false,"template":"","format":"standard","meta":{"jetpack_post_was_ever_published":false,"_jetpack_newsletter_access":"","_jetpack_dont_email_post_to_subs":false,"_jetpack_newsletter_tier_id":0,"_jetpack_memberships_contains_paywalled_content":false,"_jetpack_memberships_contains_paid_content":false,"footnotes":"","jetpack_publicize_message":"","jetpack_publicize_feature_enabled":true,"jetpack_social_post_already_shared":true,"jetpack_social_options":{"image_generator_settings":{"template":"highway","default_image_id":0,"font":"","enabled":false},"version":2}},"categories":[1449,124,79],"tags":[2604,2607,2605,2606,78,84,324],"class_list":["post-28583","post","type-post","status-publish","format-standard","has-post-thumbnail","hentry","category-denkmaler-monumente","category-hessen","category-rhgau-hes","tag-hochheim-am-main","tag-koenigin-victoria","tag-koenigin-victoriaberg","tag-koenigin-victoria-denkmal","tag-rheingau","tag-wein","tag-weinbau"],"jetpack_publicize_connections":[],"jetpack_featured_media_url":"https:\/\/i0.wp.com\/georg-dahlhoff.de\/wp\/wp-content\/uploads\/2021\/08\/202108242214-scaled.jpg?fit=2560%2C1707&ssl=1","jetpack_shortlink":"https:\/\/wp.me\/p8MzOO-7r1","jetpack-related-posts":[],"jetpack_likes_enabled":true,"jetpack_sharing_enabled":true,"_links":{"self":[{"href":"https:\/\/georg-dahlhoff.de\/wp\/index.php?rest_route=\/wp\/v2\/posts\/28583","targetHints":{"allow":["GET"]}}],"collection":[{"href":"https:\/\/georg-dahlhoff.de\/wp\/index.php?rest_route=\/wp\/v2\/posts"}],"about":[{"href":"https:\/\/georg-dahlhoff.de\/wp\/index.php?rest_route=\/wp\/v2\/types\/post"}],"author":[{"embeddable":true,"href":"https:\/\/georg-dahlhoff.de\/wp\/index.php?rest_route=\/wp\/v2\/users\/1"}],"replies":[{"embeddable":true,"href":"https:\/\/georg-dahlhoff.de\/wp\/index.php?rest_route=%2Fwp%2Fv2%2Fcomments&post=28583"}],"version-history":[{"count":3,"href":"https:\/\/georg-dahlhoff.de\/wp\/index.php?rest_route=\/wp\/v2\/posts\/28583\/revisions"}],"predecessor-version":[{"id":28591,"href":"https:\/\/georg-dahlhoff.de\/wp\/index.php?rest_route=\/wp\/v2\/posts\/28583\/revisions\/28591"}],"wp:featuredmedia":[{"embeddable":true,"href":"https:\/\/georg-dahlhoff.de\/wp\/index.php?rest_route=\/wp\/v2\/media\/28588"}],"wp:attachment":[{"href":"https:\/\/georg-dahlhoff.de\/wp\/index.php?rest_route=%2Fwp%2Fv2%2Fmedia&parent=28583"}],"wp:term":[{"taxonomy":"category","embeddable":true,"href":"https:\/\/georg-dahlhoff.de\/wp\/index.php?rest_route=%2Fwp%2Fv2%2Fcategories&post=28583"},{"taxonomy":"post_tag","embeddable":true,"href":"https:\/\/georg-dahlhoff.de\/wp\/index.php?rest_route=%2Fwp%2Fv2%2Ftags&post=28583"}],"curies":[{"name":"wp","href":"https:\/\/api.w.org\/{rel}","templated":true}]}}