{"id":24954,"date":"2017-04-17T18:50:16","date_gmt":"2017-04-17T16:50:16","guid":{"rendered":"http:\/\/georg-dahlhoff.de\/wp\/?p=24954"},"modified":"2020-04-17T19:31:04","modified_gmt":"2020-04-17T17:31:04","slug":"gran-canaria-von-allem-etwas","status":"publish","type":"post","link":"https:\/\/georg-dahlhoff.de\/wp\/?p=24954","title":{"rendered":"Gran Canaria: Von allem etwas&#8230;"},"content":{"rendered":"<figure id=\"attachment_24960\" aria-describedby=\"caption-attachment-24960\" style=\"width: 600px\" class=\"wp-caption aligncenter\"><a href=\"https:\/\/i0.wp.com\/georg-dahlhoff.de\/wp\/wp-content\/uploads\/2017\/04\/201704120881X-T2.jpg?ssl=1\"><img data-recalc-dims=\"1\" loading=\"lazy\" decoding=\"async\" class=\"size-large wp-image-24960\" src=\"https:\/\/i0.wp.com\/georg-dahlhoff.de\/wp\/wp-content\/uploads\/2017\/04\/201704120881X-T2.jpg?resize=600%2C400&#038;ssl=1\" alt=\"\" width=\"600\" height=\"400\" \/><\/a><figcaption id=\"caption-attachment-24960\" class=\"wp-caption-text\">Gran Canaria &#8211; Bild Nr. 201704120881<\/figcaption><\/figure>\n<p style=\"text-align: justify;\"><strong>Gran Canaria<\/strong>, die drittgr\u00f6\u00dfte der <strong>Kanarischen Inseln<\/strong> ist die geologisch \u00e4lteste Insel des Archipels im Atlantik. Sie ist vulkanischen Ursprungs und ca. 15 Mio. Jahre alt. Im Gegensatz zu ihren j\u00fcngeren Schwestern finden auf ihr keine vulkanischen Aktivit\u00e4ten mehr statt; der letzte Ausbruch ereignete sich vor \u00fcber 2000 Jahren. Aber ihren Ursprung verbirgt sie nat\u00fcrlich nicht, denn die bizarre Bergwelt in der Mitte der Insel ist eine Hinterlassenschaft gewaltiger Eruptionen vor langer Zeit.<\/p>\n<p style=\"text-align: justify;\">Manchmal wird Gran Canaria nachgesagt, die Insel sei ein Kontinent im Miniaturma\u00dfstab, was vielleicht etwas \u00fcbertrieben klingt, aber tats\u00e4chlich bietet sie von allem etwas. Ganz im Norden ist das zun\u00e4chst die Hauptstadt <strong>Las Palmas de Gran Canaria<\/strong>, sie z\u00e4hlt\u00a0380.000 Einwohner. Hier befindet sich auch der gr\u00f6\u00dfte Hafen Gran Canarias. Das touristische Zentrum liegt im S\u00fcden in <strong>Maspalomas<\/strong>. Hier sind die ausgedehnten Sandstr\u00e4nde und die meisten Touristenhotels zu finden. Dazwischen entlang der Ostk\u00fcste befindet sich der Flughafen und zahlreiche auch gr\u00f6\u00dfere Gewerbebetriebe und Einkaufszentren. Als Hauptverkehrsader gibt es eine hervorragend ausgebaute Autobahn.\u00a0Die recht trockene Nord- und die Ostk\u00fcste wirken zun\u00e4chst weniger einladend, aber sobald man die K\u00fcste auf engen Stra\u00dfen mit zahllosen Kurven verl\u00e4sst, pr\u00e4sentiert sich Gran Canaria ein seiner ganzen Vielfalt: Eine bl\u00fchende Landschaft mit zerkl\u00fcfteten Bergformationen und bizarren Felsen, W\u00e4lder und zahlreiche h\u00fcbsche Kleinst\u00e4dte und D\u00f6rfer. Die wichtigsten landwirtschaftlichen Erzeugnisse sind Bananen und Tomaten.<\/p>\n<figure id=\"attachment_24961\" aria-describedby=\"caption-attachment-24961\" style=\"width: 600px\" class=\"wp-caption aligncenter\"><a href=\"https:\/\/i0.wp.com\/georg-dahlhoff.de\/wp\/wp-content\/uploads\/2017\/04\/201704120943X-T2.jpg?ssl=1\"><img data-recalc-dims=\"1\" loading=\"lazy\" decoding=\"async\" class=\"wp-image-24961 size-large\" src=\"https:\/\/i0.wp.com\/georg-dahlhoff.de\/wp\/wp-content\/uploads\/2017\/04\/201704120943X-T2.jpg?resize=600%2C400&#038;ssl=1\" alt=\"\" width=\"600\" height=\"400\" \/><\/a><figcaption id=\"caption-attachment-24961\" class=\"wp-caption-text\">Bizarre Felsen aus vulkanisch aktiver Zeit &#8211; Bild Nr. 201704120943<\/figcaption><\/figure>\n<figure id=\"attachment_24962\" aria-describedby=\"caption-attachment-24962\" style=\"width: 600px\" class=\"wp-caption aligncenter\"><a href=\"https:\/\/i0.wp.com\/georg-dahlhoff.de\/wp\/wp-content\/uploads\/2017\/04\/201704120945X-T2.jpg?ssl=1\"><img data-recalc-dims=\"1\" loading=\"lazy\" decoding=\"async\" class=\"wp-image-24962 size-large\" src=\"https:\/\/i0.wp.com\/georg-dahlhoff.de\/wp\/wp-content\/uploads\/2017\/04\/201704120945X-T2.jpg?resize=600%2C400&#038;ssl=1\" alt=\"\" width=\"600\" height=\"400\" \/><\/a><figcaption id=\"caption-attachment-24962\" class=\"wp-caption-text\">Der Roque Bentayga (1.412 m \u00fc.NN) &#8211; Bild Nr. 201704120945<\/figcaption><\/figure>\n<figure id=\"attachment_24963\" aria-describedby=\"caption-attachment-24963\" style=\"width: 600px\" class=\"wp-caption aligncenter\"><a href=\"https:\/\/i0.wp.com\/georg-dahlhoff.de\/wp\/wp-content\/uploads\/2017\/04\/201704120952X-T2.jpg?ssl=1\"><img data-recalc-dims=\"1\" loading=\"lazy\" decoding=\"async\" class=\"wp-image-24963 size-large\" src=\"https:\/\/i0.wp.com\/georg-dahlhoff.de\/wp\/wp-content\/uploads\/2017\/04\/201704120952X-T2.jpg?resize=600%2C400&#038;ssl=1\" alt=\"\" width=\"600\" height=\"400\" \/><\/a><figcaption id=\"caption-attachment-24963\" class=\"wp-caption-text\">Der Roque Nublo (1.813 m \u00fc.NN) Bild Nr. 201704120952<\/figcaption><\/figure>\n<p style=\"text-align: justify;\">Die Kanarischen Inseln und somit auch Gran Canaria erfreuen sich\u00a0eines sehr ausgewogenen Klimas, was sie Ihrer Lage im Atlantik zu verdanken haben. Im Winter wird es nicht besonders kalt und im Sommer ist es hier bei weitem nicht so hei\u00df, wie es auf diesen Breitengraden \u00fcblich ist. Man spricht vom &#8222;Ewigen Fr\u00fchling&#8220;, und an dieser Metapher ist eine ganze Menge dran. Durchschnittlich gibt es hier 15 Regentage im Jahr. Dass hier trotzdem in den Bergen so viel gedeiht und stets eine bl\u00fchende Landschaft zu finden ist, verdankt Gran Canaria dem Nordost-Passat der Wolken an die Nordk\u00fcste der Insel treibt. Beim \u00dcberqueren der Berge werden die Wolken von den Planzen regelrecht gemolken, wobei sich diese Wolken je nach Gr\u00f6\u00dfe fast v\u00f6llig aufl\u00f6sen. Somit hat die Flora der Insel\u00a0ausreichend Wasser zum Gedeihen.<\/p>\n<p style=\"text-align: justify;\">So kommt es auch, dass es im Norden h\u00e4ufig bew\u00f6lkt, und im S\u00fcden dagegen bei zumeist blauem Himmel recht trocken ist. Das kommt nat\u00fcrlich dem Badetourismus entgegen. Den naturliebenden Touristen wird es dagegen eher in die n\u00f6rdliche H\u00e4lfte der Insel ziehen.<\/p>\n<figure id=\"attachment_24957\" aria-describedby=\"caption-attachment-24957\" style=\"width: 600px\" class=\"wp-caption aligncenter\"><a href=\"https:\/\/i0.wp.com\/georg-dahlhoff.de\/wp\/wp-content\/uploads\/2017\/04\/201704100696X-T2.jpg?ssl=1\"><img data-recalc-dims=\"1\" loading=\"lazy\" decoding=\"async\" class=\"size-large wp-image-24957\" src=\"https:\/\/i0.wp.com\/georg-dahlhoff.de\/wp\/wp-content\/uploads\/2017\/04\/201704100696X-T2.jpg?resize=600%2C400&#038;ssl=1\" alt=\"\" width=\"600\" height=\"400\" \/><\/a><figcaption id=\"caption-attachment-24957\" class=\"wp-caption-text\">Barranco de la Palma im Norden Gran Canarias &#8211; Bild Nr. 201704100696<\/figcaption><\/figure>\n<figure id=\"attachment_24965\" aria-describedby=\"caption-attachment-24965\" style=\"width: 600px\" class=\"wp-caption aligncenter\"><a href=\"https:\/\/i0.wp.com\/georg-dahlhoff.de\/wp\/wp-content\/uploads\/2017\/04\/201704151188X-T2.jpg?ssl=1\"><img data-recalc-dims=\"1\" loading=\"lazy\" decoding=\"async\" class=\"size-large wp-image-24965\" src=\"https:\/\/i0.wp.com\/georg-dahlhoff.de\/wp\/wp-content\/uploads\/2017\/04\/201704151188X-T2.jpg?resize=600%2C400&#038;ssl=1\" alt=\"\" width=\"600\" height=\"400\" \/><\/a><figcaption id=\"caption-attachment-24965\" class=\"wp-caption-text\">Kiefernwald in der N\u00e4he von Artenara &#8211; Bild Nr. 201704151188<\/figcaption><\/figure>\n<figure style=\"width: 600px\" class=\"wp-caption aligncenter\"><a href=\"https:\/\/i0.wp.com\/georg-dahlhoff.de\/wp\/wp-content\/uploads\/2017\/04\/201704115947X-E1.jpg?ssl=1\"><img data-recalc-dims=\"1\" loading=\"lazy\" decoding=\"async\" class=\"wp-image-24958 size-large\" src=\"https:\/\/i0.wp.com\/georg-dahlhoff.de\/wp\/wp-content\/uploads\/2017\/04\/201704115947X-E1-600x400.jpg?resize=600%2C400&#038;ssl=1\" alt=\"\" width=\"600\" height=\"400\" \/><\/a><figcaption class=\"wp-caption-text\">Bl\u00fchende Landschaft in der N\u00e4he von Teror &#8211; Bild Nr. 201704115947<\/figcaption><\/figure>\n<figure id=\"attachment_24959\" aria-describedby=\"caption-attachment-24959\" style=\"width: 600px\" class=\"wp-caption aligncenter\"><a href=\"https:\/\/i0.wp.com\/georg-dahlhoff.de\/wp\/wp-content\/uploads\/2017\/04\/201704120873X-T2.jpg?ssl=1\"><img data-recalc-dims=\"1\" loading=\"lazy\" decoding=\"async\" class=\"size-large wp-image-24959\" src=\"https:\/\/i0.wp.com\/georg-dahlhoff.de\/wp\/wp-content\/uploads\/2017\/04\/201704120873X-T2.jpg?resize=600%2C400&#038;ssl=1\" alt=\"\" width=\"600\" height=\"400\" \/><\/a><figcaption id=\"caption-attachment-24959\" class=\"wp-caption-text\">Dorf in den Bergen Gran Canarias &#8211; Bild Nr. 201704120873<\/figcaption><\/figure>\n<figure id=\"attachment_24964\" aria-describedby=\"caption-attachment-24964\" style=\"width: 600px\" class=\"wp-caption aligncenter\"><a href=\"https:\/\/i0.wp.com\/georg-dahlhoff.de\/wp\/wp-content\/uploads\/2017\/04\/201704151158X-T2.jpg?ssl=1\"><img data-recalc-dims=\"1\" loading=\"lazy\" decoding=\"async\" class=\"size-large wp-image-24964\" src=\"https:\/\/i0.wp.com\/georg-dahlhoff.de\/wp\/wp-content\/uploads\/2017\/04\/201704151158X-T2.jpg?resize=600%2C400&#038;ssl=1\" alt=\"\" width=\"600\" height=\"400\" \/><\/a><figcaption id=\"caption-attachment-24964\" class=\"wp-caption-text\">Hafen und Strand von Agaete an der bergigen Westk\u00fcste &#8211; Bild Nr. 201704151158<\/figcaption><\/figure>\n<figure id=\"attachment_24956\" aria-describedby=\"caption-attachment-24956\" style=\"width: 600px\" class=\"wp-caption aligncenter\"><a href=\"https:\/\/i0.wp.com\/georg-dahlhoff.de\/wp\/wp-content\/uploads\/2017\/04\/201704100668X-T2.jpg?ssl=1\"><img data-recalc-dims=\"1\" loading=\"lazy\" decoding=\"async\" class=\"size-large wp-image-24956\" src=\"https:\/\/i0.wp.com\/georg-dahlhoff.de\/wp\/wp-content\/uploads\/2017\/04\/201704100668X-T2.jpg?resize=600%2C400&#038;ssl=1\" alt=\"\" width=\"600\" height=\"400\" \/><\/a><figcaption id=\"caption-attachment-24956\" class=\"wp-caption-text\">Der Leuchtturm von Sardina im Nordwesten &#8211; Bild Nr. 201704100668<\/figcaption><\/figure>\n<figure id=\"attachment_24955\" aria-describedby=\"caption-attachment-24955\" style=\"width: 600px\" class=\"wp-caption aligncenter\"><a href=\"https:\/\/i0.wp.com\/georg-dahlhoff.de\/wp\/wp-content\/uploads\/2017\/04\/201704090651X-T2.jpg?ssl=1\"><img data-recalc-dims=\"1\" loading=\"lazy\" decoding=\"async\" class=\"size-large wp-image-24955\" src=\"https:\/\/i0.wp.com\/georg-dahlhoff.de\/wp\/wp-content\/uploads\/2017\/04\/201704090651X-T2.jpg?resize=600%2C400&#038;ssl=1\" alt=\"\" width=\"600\" height=\"400\" \/><\/a><figcaption id=\"caption-attachment-24955\" class=\"wp-caption-text\">Malerischer Sonnenuntergang am Playa de las Canteras in Las Palmas &#8211; Bild Nr. 201704090651<\/figcaption><\/figure>\n","protected":false},"excerpt":{"rendered":"<p>Gran Canaria, die drittgr\u00f6\u00dfte der Kanarischen Inseln ist die geologisch \u00e4lteste Insel des Archipels im Atlantik. Sie ist vulkanischen Ursprungs und ca. 15 Mio. Jahre alt. Im Gegensatz zu ihren [&hellip;]<\/p>\n","protected":false},"author":1,"featured_media":25177,"comment_status":"open","ping_status":"closed","sticky":false,"template":"","format":"standard","meta":{"jetpack_post_was_ever_published":false,"_jetpack_newsletter_access":"","_jetpack_dont_email_post_to_subs":false,"_jetpack_newsletter_tier_id":0,"_jetpack_memberships_contains_paywalled_content":false,"_jetpack_memberships_contains_paid_content":false,"footnotes":"","jetpack_publicize_message":"","jetpack_publicize_feature_enabled":true,"jetpack_social_post_already_shared":false,"jetpack_social_options":{"image_generator_settings":{"template":"highway","default_image_id":0,"font":"","enabled":false},"version":2}},"categories":[99],"tags":[1971,1972,1973,144,495,1974,381,1975,1976,1977,1978,1060,732],"class_list":["post-24954","post","type-post","status-publish","format-standard","has-post-thumbnail","hentry","category-gran-canaria","tag-agaete","tag-berge","tag-gran-canaria","tag-kanarische-inseln","tag-landschaft","tag-las-palmas-de-gran-canaria","tag-leuchtturm","tag-nordost-passat","tag-roque-bentayga","tag-roque-nublo","tag-sardina","tag-sonnenuntergang","tag-wald"],"jetpack_publicize_connections":[],"jetpack_featured_media_url":"https:\/\/i0.wp.com\/georg-dahlhoff.de\/wp\/wp-content\/uploads\/2017\/04\/201704120881X-T2.jpg?fit=1500%2C1000&ssl=1","jetpack_shortlink":"https:\/\/wp.me\/p8MzOO-6uu","jetpack-related-posts":[],"jetpack_likes_enabled":true,"jetpack_sharing_enabled":true,"_links":{"self":[{"href":"https:\/\/georg-dahlhoff.de\/wp\/index.php?rest_route=\/wp\/v2\/posts\/24954","targetHints":{"allow":["GET"]}}],"collection":[{"href":"https:\/\/georg-dahlhoff.de\/wp\/index.php?rest_route=\/wp\/v2\/posts"}],"about":[{"href":"https:\/\/georg-dahlhoff.de\/wp\/index.php?rest_route=\/wp\/v2\/types\/post"}],"author":[{"embeddable":true,"href":"https:\/\/georg-dahlhoff.de\/wp\/index.php?rest_route=\/wp\/v2\/users\/1"}],"replies":[{"embeddable":true,"href":"https:\/\/georg-dahlhoff.de\/wp\/index.php?rest_route=%2Fwp%2Fv2%2Fcomments&post=24954"}],"version-history":[{"count":2,"href":"https:\/\/georg-dahlhoff.de\/wp\/index.php?rest_route=\/wp\/v2\/posts\/24954\/revisions"}],"predecessor-version":[{"id":28027,"href":"https:\/\/georg-dahlhoff.de\/wp\/index.php?rest_route=\/wp\/v2\/posts\/24954\/revisions\/28027"}],"wp:featuredmedia":[{"embeddable":true,"href":"https:\/\/georg-dahlhoff.de\/wp\/index.php?rest_route=\/wp\/v2\/media\/25177"}],"wp:attachment":[{"href":"https:\/\/georg-dahlhoff.de\/wp\/index.php?rest_route=%2Fwp%2Fv2%2Fmedia&parent=24954"}],"wp:term":[{"taxonomy":"category","embeddable":true,"href":"https:\/\/georg-dahlhoff.de\/wp\/index.php?rest_route=%2Fwp%2Fv2%2Fcategories&post=24954"},{"taxonomy":"post_tag","embeddable":true,"href":"https:\/\/georg-dahlhoff.de\/wp\/index.php?rest_route=%2Fwp%2Fv2%2Ftags&post=24954"}],"curies":[{"name":"wp","href":"https:\/\/api.w.org\/{rel}","templated":true}]}}