{"id":23860,"date":"2016-01-24T22:53:36","date_gmt":"2016-01-24T21:53:36","guid":{"rendered":"http:\/\/georg-dahlhoff.de\/wp\/?p=23860"},"modified":"2017-04-23T17:34:00","modified_gmt":"2017-04-23T15:34:00","slug":"winterimpressionen","status":"publish","type":"post","link":"https:\/\/georg-dahlhoff.de\/wp\/?p=23860","title":{"rendered":"Winterimpressionen"},"content":{"rendered":"<figure id=\"attachment_23861\" aria-describedby=\"caption-attachment-23861\" style=\"width: 480px\" class=\"wp-caption aligncenter\"><a href=\"https:\/\/i0.wp.com\/georg-dahlhoff.de\/wp\/wp-content\/uploads\/2016\/01\/200901062248.jpg?ssl=1\" rel=\"attachment wp-att-23861\"><img data-recalc-dims=\"1\" loading=\"lazy\" decoding=\"async\" class=\"size-large wp-image-23861\" src=\"https:\/\/i0.wp.com\/georg-dahlhoff.de\/wp\/wp-content\/uploads\/2016\/01\/200901062248.jpg?resize=480%2C321&#038;ssl=1\" alt=\"Winter am Niederrhein - Bild Nr. 200901062248\" width=\"480\" height=\"321\" \/><\/a><figcaption id=\"caption-attachment-23861\" class=\"wp-caption-text\">Winter am Niederrhein &#8211; Bild Nr. 200901062248<\/figcaption><\/figure>\n<p><strong>Zons<\/strong> &#8211; Zugegeben,\u00a0dieser Winter hat bisher nur im Bergland einiges an Schnee hervor gebracht. Am Rhein entlang hat es bisher so gut wie keinen Schnee gegeben. Eine gute Gelegenheit im Archiv nach ein paar stimmungsvollen Winterbildern zu suchen, und dabei habe ich diese Bilder vom Januar 2009 gefunden. Sie sind in der N\u00e4he von <strong>Zons<\/strong> am <strong>Niederrhein<\/strong> entstanden. Das stimmungsvolle Licht am Nachmittag war einfach unwiderstehlich.<\/p>\n<figure id=\"attachment_23862\" aria-describedby=\"caption-attachment-23862\" style=\"width: 480px\" class=\"wp-caption aligncenter\"><a href=\"https:\/\/i0.wp.com\/georg-dahlhoff.de\/wp\/wp-content\/uploads\/2016\/01\/200901062247.jpg?ssl=1\" rel=\"attachment wp-att-23862\"><img data-recalc-dims=\"1\" loading=\"lazy\" decoding=\"async\" class=\"size-large wp-image-23862\" src=\"https:\/\/i0.wp.com\/georg-dahlhoff.de\/wp\/wp-content\/uploads\/2016\/01\/200901062247.jpg?resize=480%2C321&#038;ssl=1\" alt=\"Winter am Niederrhein - Bild Nr. 200901062247\" width=\"480\" height=\"321\" \/><\/a><figcaption id=\"caption-attachment-23862\" class=\"wp-caption-text\">Winter am Niederrhein &#8211; Bild Nr. 200901062247<\/figcaption><\/figure>\n<figure id=\"attachment_23863\" aria-describedby=\"caption-attachment-23863\" style=\"width: 480px\" class=\"wp-caption aligncenter\"><a href=\"https:\/\/i0.wp.com\/georg-dahlhoff.de\/wp\/wp-content\/uploads\/2016\/01\/200901062257.jpg?ssl=1\" rel=\"attachment wp-att-23863\"><img data-recalc-dims=\"1\" loading=\"lazy\" decoding=\"async\" class=\"size-large wp-image-23863\" src=\"https:\/\/i0.wp.com\/georg-dahlhoff.de\/wp\/wp-content\/uploads\/2016\/01\/200901062257.jpg?resize=480%2C321&#038;ssl=1\" alt=\"Winter am Niederrhein - Bild Nr. 200901062257\" width=\"480\" height=\"321\" \/><\/a><figcaption id=\"caption-attachment-23863\" class=\"wp-caption-text\">Winter am Niederrhein &#8211; Bild Nr. 200901062257<\/figcaption><\/figure>\n<p>Hier noch ein aktuelles Winterbild von der <strong>Veltheimer M\u00fchle<\/strong> bei <strong>Porta-Westfalica<\/strong> an der Westf\u00e4lischen M\u00fchlenstra\u00dfe:<\/p>\n<figure id=\"attachment_23858\" aria-describedby=\"caption-attachment-23858\" style=\"width: 343px\" class=\"wp-caption aligncenter\"><a href=\"https:\/\/i0.wp.com\/georg-dahlhoff.de\/wp\/wp-content\/uploads\/2011\/08\/201601223556.jpg?ssl=1\" rel=\"attachment wp-att-23858\"><img data-recalc-dims=\"1\" loading=\"lazy\" decoding=\"async\" class=\"size-large wp-image-23858\" src=\"https:\/\/i0.wp.com\/georg-dahlhoff.de\/wp\/wp-content\/uploads\/2011\/08\/201601223556.jpg?resize=343%2C480&#038;ssl=1\" alt=\"Die Veltheimer M\u00fchle im Winter - Bild Nr. 201601223556\" width=\"343\" height=\"480\" \/><\/a><figcaption id=\"caption-attachment-23858\" class=\"wp-caption-text\">Die Veltheimer M\u00fchle im Winter &#8211; Bild Nr. 201601223556<\/figcaption><\/figure>\n","protected":false},"excerpt":{"rendered":"<p>Zons &#8211; Zugegeben,\u00a0dieser Winter hat bisher nur im Bergland einiges an Schnee hervor gebracht. Am Rhein entlang hat es bisher so gut wie keinen Schnee gegeben. Eine gute Gelegenheit im [&hellip;]<\/p>\n","protected":false},"author":1,"featured_media":25344,"comment_status":"open","ping_status":"closed","sticky":false,"template":"","format":"standard","meta":{"jetpack_post_was_ever_published":false,"_jetpack_newsletter_access":"","_jetpack_dont_email_post_to_subs":false,"_jetpack_newsletter_tier_id":0,"_jetpack_memberships_contains_paywalled_content":false,"_jetpack_memberships_contains_paid_content":false,"footnotes":"","jetpack_publicize_message":"","jetpack_publicize_feature_enabled":true,"jetpack_social_post_already_shared":false,"jetpack_social_options":{"image_generator_settings":{"template":"highway","default_image_id":0,"font":"","enabled":false},"version":2}},"categories":[101,477,94],"tags":[697,495,640,134,479,480,481,93,642],"class_list":["post-23860","post","type-post","status-publish","format-standard","has-post-thumbnail","hentry","category-d-erw","category-nrw","category-winter","tag-baume","tag-landschaft","tag-niederrhein","tag-schnee","tag-veltheim","tag-westfalische-muhlenstrase","tag-windmuhle","tag-winter","tag-zons"],"jetpack_publicize_connections":[],"jetpack_featured_media_url":"https:\/\/i0.wp.com\/georg-dahlhoff.de\/wp\/wp-content\/uploads\/2016\/01\/200901062248-1.jpg?fit=1500%2C1004&ssl=1","jetpack_shortlink":"https:\/\/wp.me\/p8MzOO-6cQ","jetpack-related-posts":[],"jetpack_likes_enabled":true,"jetpack_sharing_enabled":true,"_links":{"self":[{"href":"https:\/\/georg-dahlhoff.de\/wp\/index.php?rest_route=\/wp\/v2\/posts\/23860","targetHints":{"allow":["GET"]}}],"collection":[{"href":"https:\/\/georg-dahlhoff.de\/wp\/index.php?rest_route=\/wp\/v2\/posts"}],"about":[{"href":"https:\/\/georg-dahlhoff.de\/wp\/index.php?rest_route=\/wp\/v2\/types\/post"}],"author":[{"embeddable":true,"href":"https:\/\/georg-dahlhoff.de\/wp\/index.php?rest_route=\/wp\/v2\/users\/1"}],"replies":[{"embeddable":true,"href":"https:\/\/georg-dahlhoff.de\/wp\/index.php?rest_route=%2Fwp%2Fv2%2Fcomments&post=23860"}],"version-history":[{"count":1,"href":"https:\/\/georg-dahlhoff.de\/wp\/index.php?rest_route=\/wp\/v2\/posts\/23860\/revisions"}],"predecessor-version":[{"id":25345,"href":"https:\/\/georg-dahlhoff.de\/wp\/index.php?rest_route=\/wp\/v2\/posts\/23860\/revisions\/25345"}],"wp:featuredmedia":[{"embeddable":true,"href":"https:\/\/georg-dahlhoff.de\/wp\/index.php?rest_route=\/wp\/v2\/media\/25344"}],"wp:attachment":[{"href":"https:\/\/georg-dahlhoff.de\/wp\/index.php?rest_route=%2Fwp%2Fv2%2Fmedia&parent=23860"}],"wp:term":[{"taxonomy":"category","embeddable":true,"href":"https:\/\/georg-dahlhoff.de\/wp\/index.php?rest_route=%2Fwp%2Fv2%2Fcategories&post=23860"},{"taxonomy":"post_tag","embeddable":true,"href":"https:\/\/georg-dahlhoff.de\/wp\/index.php?rest_route=%2Fwp%2Fv2%2Ftags&post=23860"}],"curies":[{"name":"wp","href":"https:\/\/api.w.org\/{rel}","templated":true}]}}