{"id":23275,"date":"2015-05-09T20:53:06","date_gmt":"2015-05-09T18:53:06","guid":{"rendered":"http:\/\/georg-dahlhoff.de\/wp\/?p=23275"},"modified":"2019-06-08T19:05:02","modified_gmt":"2019-06-08T17:05:02","slug":"das-harxheimer-kapellchen","status":"publish","type":"post","link":"https:\/\/georg-dahlhoff.de\/wp\/?p=23275","title":{"rendered":"Das Harxheimer Kapellchen"},"content":{"rendered":"<figure id=\"attachment_23276\" aria-describedby=\"caption-attachment-23276\" style=\"width: 580px\" class=\"wp-caption aligncenter\"><a href=\"https:\/\/i0.wp.com\/georg-dahlhoff.de\/wp\/wp-content\/uploads\/2015\/05\/201505092420.jpg?ssl=1\"><img data-recalc-dims=\"1\" loading=\"lazy\" decoding=\"async\" class=\"size-large wp-image-23276\" src=\"https:\/\/i0.wp.com\/georg-dahlhoff.de\/wp\/wp-content\/uploads\/2015\/05\/201505092420.jpg?resize=580%2C387&#038;ssl=1\" alt=\"Das Harxheimer Kapellchen im Weinberg - Bild Nr. 201505092420\" width=\"580\" height=\"387\" \/><\/a><figcaption id=\"caption-attachment-23276\" class=\"wp-caption-text\">Das Harxheimer Kapellchen im Weinberg &#8211; Bild Nr. 201505092420<\/figcaption><\/figure>\n<p><strong>Harxheim\/Rheinhessen<\/strong> &#8211; Rechter Hand auf dem Weg von Harxheim nach Mainz, etwas abseits der L425, dem sogenannten <strong>Harxheimer Berg<\/strong> liegt dieses kleine <strong>Kapellchen<\/strong>. Es steht am Rand des Mainzer Hochplateaus, idyllisch inmitten\u00a0von Rebfl\u00e4chen, mit einem wundersch\u00f6nen Ausblick u.a. bis in den Odenwald.<\/p>\n<figure id=\"attachment_23277\" aria-describedby=\"caption-attachment-23277\" style=\"width: 580px\" class=\"wp-caption aligncenter\"><a href=\"https:\/\/i0.wp.com\/georg-dahlhoff.de\/wp\/wp-content\/uploads\/2015\/05\/201505092384.jpg?ssl=1\"><img data-recalc-dims=\"1\" loading=\"lazy\" decoding=\"async\" class=\"size-large wp-image-23277\" src=\"https:\/\/i0.wp.com\/georg-dahlhoff.de\/wp\/wp-content\/uploads\/2015\/05\/201505092384.jpg?resize=580%2C387&#038;ssl=1\" alt=\"Das Harxheimer Kapellchen - Bild Nr. 201505092384\" width=\"580\" height=\"387\" \/><\/a><figcaption id=\"caption-attachment-23277\" class=\"wp-caption-text\">Das Harxheimer Kapellchen &#8211; Bild Nr. 201505092384<\/figcaption><\/figure>\n<p>Das <strong>Kapellchen<\/strong> wurde im Jahre 1864 als Andachtsst\u00e4tte auf dem Weg zur Kirche nach Gau-Bischofsheim im Stil eines rheinhessischen Wingertsh\u00e4uschens errichtet. Im Jahre 1934 wurde der urspr\u00fcnglich h\u00f6lzerne Aufbau von einer HJ-Gruppe zerst\u00f6rt und sp\u00e4ter durch ein massives T\u00fcrmchen ersetzt. Zur 1200-Jahrfeier im Jahre 1967 wurde das Bauwerk renoviert und durch ein in Zement gegossenes Kreuz erg\u00e4nzt.<\/p>\n<figure id=\"attachment_23278\" aria-describedby=\"caption-attachment-23278\" style=\"width: 387px\" class=\"wp-caption aligncenter\"><a href=\"https:\/\/i0.wp.com\/georg-dahlhoff.de\/wp\/wp-content\/uploads\/2015\/05\/201505092387.jpg?ssl=1\"><img data-recalc-dims=\"1\" loading=\"lazy\" decoding=\"async\" class=\"size-large wp-image-23278\" src=\"https:\/\/i0.wp.com\/georg-dahlhoff.de\/wp\/wp-content\/uploads\/2015\/05\/201505092387.jpg?resize=387%2C580&#038;ssl=1\" alt=\"Kreuzigungsszene im Kapellen - Bild Nr. 201505092387\" width=\"387\" height=\"580\" \/><\/a><figcaption id=\"caption-attachment-23278\" class=\"wp-caption-text\">Kreuzigungsszene im Kapellchen &#8211; Bild Nr. 201505092387<\/figcaption><\/figure>\n<p>Ausblick vom Kapellchen \u00fcber die Rebfl\u00e4chen auf einen Teil von <strong>Harxheim<\/strong> und <strong>L\u00f6rzweiler<\/strong> bis zum Odenwald am Horizont:<\/p>\n<figure id=\"attachment_23279\" aria-describedby=\"caption-attachment-23279\" style=\"width: 580px\" class=\"wp-caption aligncenter\"><a href=\"https:\/\/i0.wp.com\/georg-dahlhoff.de\/wp\/wp-content\/uploads\/2015\/05\/201505092385.jpg?ssl=1\"><img data-recalc-dims=\"1\" loading=\"lazy\" decoding=\"async\" class=\"size-large wp-image-23279\" src=\"https:\/\/i0.wp.com\/georg-dahlhoff.de\/wp\/wp-content\/uploads\/2015\/05\/201505092385.jpg?resize=580%2C363&#038;ssl=1\" alt=\"Ausblick vom Kapellchen - Bild Nr. 201505092385\" width=\"580\" height=\"363\" \/><\/a><figcaption id=\"caption-attachment-23279\" class=\"wp-caption-text\">Ausblick vom Kapellchen &#8211; Bild Nr. 201505092385<\/figcaption><\/figure>\n<figure id=\"attachment_23281\" aria-describedby=\"caption-attachment-23281\" style=\"width: 580px\" class=\"wp-caption aligncenter\"><a href=\"https:\/\/i0.wp.com\/georg-dahlhoff.de\/wp\/wp-content\/uploads\/2015\/05\/201505092393.jpg?ssl=1\"><img data-recalc-dims=\"1\" loading=\"lazy\" decoding=\"async\" class=\"size-large wp-image-23281\" src=\"https:\/\/i0.wp.com\/georg-dahlhoff.de\/wp\/wp-content\/uploads\/2015\/05\/201505092393.jpg?resize=580%2C363&#038;ssl=1\" alt=\"Frisches Gr\u00fcn in den Weinbergen bei Hartheim - Bild Nr. 201505092393\" width=\"580\" height=\"363\" \/><\/a><figcaption id=\"caption-attachment-23281\" class=\"wp-caption-text\">Frisches Gr\u00fcn in den Weinbergen bei Hartheim &#8211; Bild Nr. 201505092393<\/figcaption><\/figure>\n<p style=\"text-align: center;\">Link: <a href=\"https:\/\/georg-dahlhoff.de\/wp\/?page_id=926\">Harxheim in mainz-bingen-foto.de<\/a><\/p>\n","protected":false},"excerpt":{"rendered":"<p>Harxheim\/Rheinhessen &#8211; Rechter Hand auf dem Weg von Harxheim nach Mainz, etwas abseits der L425, dem sogenannten Harxheimer Berg liegt dieses kleine Kapellchen. Es steht am Rand des Mainzer Hochplateaus, [&hellip;]<\/p>\n","protected":false},"author":1,"featured_media":27657,"comment_status":"open","ping_status":"closed","sticky":false,"template":"","format":"standard","meta":{"jetpack_post_was_ever_published":false,"_jetpack_newsletter_access":"","_jetpack_dont_email_post_to_subs":false,"_jetpack_newsletter_tier_id":0,"_jetpack_memberships_contains_paywalled_content":false,"_jetpack_memberships_contains_paid_content":false,"footnotes":"","jetpack_publicize_message":"","jetpack_publicize_feature_enabled":true,"jetpack_social_post_already_shared":false,"jetpack_social_options":{"image_generator_settings":{"template":"highway","default_image_id":0,"font":"","enabled":false},"version":2}},"categories":[11,6],"tags":[563,1704,19,1705,85,706],"class_list":["post-23275","post","type-post","status-publish","format-standard","has-post-thumbnail","hentry","category-kirchen-sakralbauten","category-rhh","tag-harxheim","tag-kapellchen","tag-kreis-mainz-bingen","tag-mainzer-hochplateau","tag-weinberge","tag-weinreben"],"jetpack_publicize_connections":[],"jetpack_featured_media_url":"https:\/\/i0.wp.com\/georg-dahlhoff.de\/wp\/wp-content\/uploads\/2015\/05\/201505092420-1.jpg?fit=1500%2C1000&ssl=1","jetpack_shortlink":"https:\/\/wp.me\/p8MzOO-63p","jetpack-related-posts":[],"jetpack_likes_enabled":true,"jetpack_sharing_enabled":true,"_links":{"self":[{"href":"https:\/\/georg-dahlhoff.de\/wp\/index.php?rest_route=\/wp\/v2\/posts\/23275","targetHints":{"allow":["GET"]}}],"collection":[{"href":"https:\/\/georg-dahlhoff.de\/wp\/index.php?rest_route=\/wp\/v2\/posts"}],"about":[{"href":"https:\/\/georg-dahlhoff.de\/wp\/index.php?rest_route=\/wp\/v2\/types\/post"}],"author":[{"embeddable":true,"href":"https:\/\/georg-dahlhoff.de\/wp\/index.php?rest_route=\/wp\/v2\/users\/1"}],"replies":[{"embeddable":true,"href":"https:\/\/georg-dahlhoff.de\/wp\/index.php?rest_route=%2Fwp%2Fv2%2Fcomments&post=23275"}],"version-history":[{"count":1,"href":"https:\/\/georg-dahlhoff.de\/wp\/index.php?rest_route=\/wp\/v2\/posts\/23275\/revisions"}],"predecessor-version":[{"id":27658,"href":"https:\/\/georg-dahlhoff.de\/wp\/index.php?rest_route=\/wp\/v2\/posts\/23275\/revisions\/27658"}],"wp:featuredmedia":[{"embeddable":true,"href":"https:\/\/georg-dahlhoff.de\/wp\/index.php?rest_route=\/wp\/v2\/media\/27657"}],"wp:attachment":[{"href":"https:\/\/georg-dahlhoff.de\/wp\/index.php?rest_route=%2Fwp%2Fv2%2Fmedia&parent=23275"}],"wp:term":[{"taxonomy":"category","embeddable":true,"href":"https:\/\/georg-dahlhoff.de\/wp\/index.php?rest_route=%2Fwp%2Fv2%2Fcategories&post=23275"},{"taxonomy":"post_tag","embeddable":true,"href":"https:\/\/georg-dahlhoff.de\/wp\/index.php?rest_route=%2Fwp%2Fv2%2Ftags&post=23275"}],"curies":[{"name":"wp","href":"https:\/\/api.w.org\/{rel}","templated":true}]}}